{"id":197,"date":"2021-08-27T11:07:06","date_gmt":"2021-08-27T11:07:06","guid":{"rendered":"https:\/\/hall-und-echo.eu\/?p=197"},"modified":"2021-12-22T14:53:09","modified_gmt":"2021-12-22T14:53:09","slug":"publishing-andre-george","status":"publish","type":"post","link":"https:\/\/hall-und-echo.eu\/?p=197","title":{"rendered":"Publishing: Andr\u00e9 George"},"content":{"rendered":"\n<p>Neu bei Hall und Echo: Andr\u00e9 George &#8211; der S\u00e4nger und Gitarrist aus dem Grenzbereich M\u00fcnster \/ Ruhrgebiet ist schon seit Jahren in der deutschen Reggae- und Popszene unterwegs und auf den gro\u00dfen Festivals pr\u00e4sent. Ob Auftritte beim Ruhr Reggae Summer in Dortmund, beim Summerjam in K\u00f6ln, oder dem Reeperbahnfestival in Hamburg, seine Musik ist immer kompatibel, weil sie den Song in den Mittelpunkt stellt.<\/p>\n\n\n\n<figure class=\"wp-block-embed is-type-video is-provider-youtube wp-block-embed-youtube wp-embed-aspect-16-9 wp-has-aspect-ratio\"><div class=\"wp-block-embed__wrapper\">\n<iframe loading=\"lazy\" title=\"Ich kann es sehen - Andr\u00e9 George \/ featuring Benji Benvenuta (Official Music Video)\" width=\"525\" height=\"295\" src=\"https:\/\/www.youtube.com\/embed\/F-EWjobJe6U?feature=oembed\" frameborder=\"0\" allow=\"accelerometer; autoplay; clipboard-write; encrypted-media; gyroscope; picture-in-picture; web-share\" referrerpolicy=\"strict-origin-when-cross-origin\" allowfullscreen><\/iframe>\n<\/div><\/figure>\n\n\n\n<p>Mit dem hoffnungsvollen und einladenden Song \u201eIch kann es sehen\u201c und seinem entspannten sommerlichen Reggae Vibe wirft uns der Reggae\/Pop Liedermacher ANDR\u00c9 GEORGE ein 3 min\u00fctiges Rettungsseil zu, das uns f\u00fcr den Moment vom stetig hyperventilierenden Alltag entfliehen l\u00e4\u00dft.<\/p>\n\n\n\n<p>\u00dcber allem schwebt der stete Wandel und ein positiver Ausblick auf zuk\u00fcnftige Ver\u00e4nderungen. Ein Song, der gepr\u00e4gt ist von den Menschen und einer Landschaft, die seit Jahrzehnten den Strukturwandel lebt und gestaltet.<\/p>\n\n\n\n<p>Die Single ist die erste Auskopplung vom kommenden Album\u201eBallon\u201c (V\u00d6 Herbst 2021) mit dem er die Botschaften One Love &#8211; und die chilllige Spiritualit\u00e4t vom Reggae \u00fcbernimmt und weitergibt.<\/p>\n\n\n\n<p>Andr\u00e9 George bei <a rel=\"noreferrer noopener\" href=\"https:\/\/open.spotify.com\/track\/0LKLgD26zw0JdhYTY0bgH8?si=10c0c0eb91b04430\" data-type=\"URL\" data-id=\"https:\/\/open.spotify.com\/track\/0LKLgD26zw0JdhYTY0bgH8?si=10c0c0eb91b04430\" target=\"_blank\">Spotify<\/a><\/p>\n\n\n\n<p>Andr\u00e9 George <a href=\"https:\/\/andregeorgemusic.de\" data-type=\"URL\" data-id=\"https:\/\/andregeorgemusic.de\" target=\"_blank\" rel=\"noreferrer noopener\">Homepage<\/a><\/p>\n","protected":false},"excerpt":{"rendered":"<p>Neu bei Hall und Echo: Andr\u00e9 George &#8211; der S\u00e4nger und Gitarrist aus dem Grenzbereich M\u00fcnster \/ Ruhrgebiet ist schon seit Jahren in der deutschen Reggae- und Popszene unterwegs und auf den gro\u00dfen Festivals pr\u00e4sent. Ob Auftritte beim Ruhr Reggae Summer in Dortmund, beim Summerjam in K\u00f6ln, oder dem Reeperbahnfestival in Hamburg, seine Musik ist &hellip; <\/p>\n<p class=\"link-more\"><a href=\"https:\/\/hall-und-echo.eu\/?p=197\" class=\"more-link\"><span class=\"screen-reader-text\">\u201ePublishing: Andr\u00e9 George\u201c<\/span> weiterlesen<\/a><\/p>\n","protected":false},"author":1,"featured_media":0,"comment_status":"closed","ping_status":"open","sticky":false,"template":"","format":"standard","meta":{"footnotes":""},"categories":[3,15],"tags":[],"class_list":["post-197","post","type-post","status-publish","format-standard","hentry","category-news","category-publishing"],"_links":{"self":[{"href":"https:\/\/hall-und-echo.eu\/index.php?rest_route=\/wp\/v2\/posts\/197","targetHints":{"allow":["GET"]}}],"collection":[{"href":"https:\/\/hall-und-echo.eu\/index.php?rest_route=\/wp\/v2\/posts"}],"about":[{"href":"https:\/\/hall-und-echo.eu\/index.php?rest_route=\/wp\/v2\/types\/post"}],"author":[{"embeddable":true,"href":"https:\/\/hall-und-echo.eu\/index.php?rest_route=\/wp\/v2\/users\/1"}],"replies":[{"embeddable":true,"href":"https:\/\/hall-und-echo.eu\/index.php?rest_route=%2Fwp%2Fv2%2Fcomments&post=197"}],"version-history":[{"count":1,"href":"https:\/\/hall-und-echo.eu\/index.php?rest_route=\/wp\/v2\/posts\/197\/revisions"}],"predecessor-version":[{"id":198,"href":"https:\/\/hall-und-echo.eu\/index.php?rest_route=\/wp\/v2\/posts\/197\/revisions\/198"}],"wp:attachment":[{"href":"https:\/\/hall-und-echo.eu\/index.php?rest_route=%2Fwp%2Fv2%2Fmedia&parent=197"}],"wp:term":[{"taxonomy":"category","embeddable":true,"href":"https:\/\/hall-und-echo.eu\/index.php?rest_route=%2Fwp%2Fv2%2Fcategories&post=197"},{"taxonomy":"post_tag","embeddable":true,"href":"https:\/\/hall-und-echo.eu\/index.php?rest_route=%2Fwp%2Fv2%2Ftags&post=197"}],"curies":[{"name":"wp","href":"https:\/\/api.w.org\/{rel}","templated":true}]}}